{"id":329498,"date":"2023-09-29T13:07:40","date_gmt":"2023-09-29T13:07:40","guid":{"rendered":"https:\/\/florazon.nl\/?p=329498"},"modified":"2023-09-29T13:58:51","modified_gmt":"2023-09-29T13:58:51","slug":"un-regard-sur-lavenir","status":"publish","type":"post","link":"https:\/\/florazon.nl\/fr\/un-regard-sur-lavenir\/","title":{"rendered":"Un regard sur l&rsquo;avenir"},"content":{"rendered":"<p>[et_pb_section fb_built=\u00a0\u00bb1&Prime; _builder_version=\u00a0\u00bb4.16&Prime; global_colors_info=\u00a0\u00bb{}\u00a0\u00bb][et_pb_row _builder_version=\u00a0\u00bb4.16&Prime; background_size=\u00a0\u00bbinitial\u00a0\u00bb background_position=\u00a0\u00bbtop_left\u00a0\u00bb background_repeat=\u00a0\u00bbrepeat\u00a0\u00bb global_colors_info=\u00a0\u00bb{}\u00a0\u00bb][et_pb_column type=\u00a0\u00bb4_4&Prime; _builder_version=\u00a0\u00bb4.16&Prime; custom_padding=\u00a0\u00bb|||\u00a0\u00bb global_colors_info=\u00a0\u00bb{}\u00a0\u00bb custom_padding__hover=\u00a0\u00bb|||\u00a0\u00bb][et_pb_text _builder_version=\u00a0\u00bb4.22.2&Prime; background_size=\u00a0\u00bbinitial\u00a0\u00bb background_position=\u00a0\u00bbtop_left\u00a0\u00bb background_repeat=\u00a0\u00bbrepeat\u00a0\u00bb hover_enabled=\u00a0\u00bb0&Prime; global_colors_info=\u00a0\u00bb{}\u00a0\u00bb sticky_enabled=\u00a0\u00bb0&Prime;]<\/p>\n<p class=\"p2\"><b>Succ\u00e8s de l&rsquo;\u00e9v\u00e9nement d&rsquo;automne FloraZON : MEET YOUR FUTURE<\/b><\/p>\n<p class=\"p3\"><b>Les dimanche 24 et lundi 25 septembre derniers, un grand nombre de fleuristes et de pairs du secteur venus des Pays-Bas, de Belgique, d&rsquo;Allemagne et d&rsquo;ailleurs ont particip\u00e9 \u00e0 l&rsquo;\u00e9v\u00e9nement annuel d&rsquo;automne de FloraZON \u00e0 Venlo. Lors de cet \u00e9v\u00e9nement MEET YOUR FUTURE, FloraZON a emmen\u00e9 ses visiteurs dans leur avenir ! Dans un hall atmosph\u00e9rique et d\u00e9cor\u00e9, trois plates-formes avaient \u00e9t\u00e9 cr\u00e9\u00e9es, chacune avec sa propre activit\u00e9, r\u00e9pondant \u00e0 l&rsquo;avenir.<\/b><\/p>\n<div style=\"width: 1080px;\" class=\"wp-video\"><!--[if lt IE 9]><script>document.createElement('video');<\/script><![endif]-->\n<video class=\"wp-video-shortcode\" id=\"video-329498-1\" width=\"1080\" height=\"608\" preload=\"metadata\" controls=\"controls\"><source type=\"video\/mp4\" src=\"https:\/\/florazon.nl\/wp-content\/uploads\/2023\/09\/Dronevideo-1.mp4?_=1\" \/><a href=\"https:\/\/florazon.nl\/wp-content\/uploads\/2023\/09\/Dronevideo-1.mp4\">https:\/\/florazon.nl\/wp-content\/uploads\/2023\/09\/Dronevideo-1.mp4<\/a><\/video><\/div>\n<p>&nbsp;<\/p>\n<p class=\"p2\"><b>In the spotlight: cr\u00e9ations florales et demonstrations<\/b>Six arrangeurs de haut niveau, dont Anniek Siegers (meilleure fleuriste des Pays-Bas, laur\u00e9ate de la Flowercup 2023 et finaliste des NK Bloemschikken2024), Moniek Koopmans (NL), Marion Lemmen (NL), Panc Vis (NL), Franky Bollingh (BE) et le jeune talent Lindsay Kleeven (NL) ont pr\u00e9sent\u00e9 leurs cr\u00e9ations tendance pour l&rsquo;automne et l&rsquo;hiver \u00e0 venir.<\/p>\n<p><img loading=\"lazy\" decoding=\"async\" class=\"alignnone wp-image-329419 size-large\" src=\"https:\/\/florazon.nl\/wp-content\/uploads\/2023\/09\/arrangeurs-1024x566.jpg\" alt=\"\" width=\"1024\" height=\"566\" srcset=\"https:\/\/florazon.nl\/wp-content\/uploads\/2023\/09\/arrangeurs-980x541.jpg 980w, https:\/\/florazon.nl\/wp-content\/uploads\/2023\/09\/arrangeurs-480x265.jpg 480w\" sizes=\"(min-width: 0px) and (max-width: 480px) 480px, (min-width: 481px) and (max-width: 980px) 980px, (min-width: 981px) 1024px, 100vw\" \/><\/p>\n<p class=\"p2\"><i>D\u00e9monstration en direct par Anniek Siegers (au centre), meilleure fleuriste des Pays-Bas, laur\u00e9ate de la Flowercup 2023 et finaliste des NK Bloemschikken 2024. Assist\u00e9e par le Top Arranger Moniek Koopmans (\u00e0 gauche) et le nouveau talent Lindsay Kleeven.<span class=\"Apple-converted-space\">\u00a0<\/span><\/i><\/p>\n<p><img loading=\"lazy\" decoding=\"async\" class=\"alignnone wp-image-329423 size-large\" src=\"https:\/\/florazon.nl\/wp-content\/uploads\/2023\/09\/create-inthespotlight-1024x566.jpg\" alt=\"\" width=\"1024\" height=\"566\" srcset=\"https:\/\/florazon.nl\/wp-content\/uploads\/2023\/09\/create-inthespotlight-980x541.jpg 980w, https:\/\/florazon.nl\/wp-content\/uploads\/2023\/09\/create-inthespotlight-480x265.jpg 480w\" sizes=\"(min-width: 0px) and (max-width: 480px) 480px, (min-width: 481px) and (max-width: 980px) 980px, (min-width: 981px) 1024px, 100vw\" \/><\/p>\n<p><img loading=\"lazy\" decoding=\"async\" class=\"alignnone wp-image-329435 size-large\" src=\"https:\/\/florazon.nl\/wp-content\/uploads\/2023\/09\/Schermafbeelding-2023-09-29-om-14.53.16-1024x504.png\" alt=\"\" width=\"1024\" height=\"504\" srcset=\"https:\/\/florazon.nl\/wp-content\/uploads\/2023\/09\/Schermafbeelding-2023-09-29-om-14.53.16-980x483.png 980w, https:\/\/florazon.nl\/wp-content\/uploads\/2023\/09\/Schermafbeelding-2023-09-29-om-14.53.16-480x236.png 480w\" sizes=\"(min-width: 0px) and (max-width: 480px) 480px, (min-width: 481px) and (max-width: 980px) 980px, (min-width: 981px) 1024px, 100vw\" \/><\/p>\n<p class=\"p1\"><i>In the spotlight : Moniek Koopmans de Floral Dance Art, en compagnie de Lindsay Kleeven, jeune talent en devenir, et des chefs-d&rsquo;oeuvre qu&rsquo;elle a cr\u00e9\u00e9s.<span class=\"Apple-converted-space\">\u00a0<\/span><\/i><\/p>\n<p class=\"p2\">Nous remercions chaleureusement ces 6 TOPPERS pour leur participation ! Et bien s\u00fbr, nous remercions \u00e9galement nos autres partenaires : Oasis, VBW Netherlands, Meet the Youngsters et les cours sur les fleurs After All, Floral Dance Art, Yuverta et le Valuascollege de Venlo pour leur participation !<\/p>\n<p class=\"p1\"><img loading=\"lazy\" decoding=\"async\" class=\"alignnone wp-image-329427 size-large\" src=\"https:\/\/florazon.nl\/wp-content\/uploads\/2023\/09\/Michelle-Schreinemachers-ErwinBoom-1024x569.jpg\" alt=\"\" width=\"1024\" height=\"569\" srcset=\"https:\/\/florazon.nl\/wp-content\/uploads\/2023\/09\/Michelle-Schreinemachers-ErwinBoom-980x545.jpg 980w, https:\/\/florazon.nl\/wp-content\/uploads\/2023\/09\/Michelle-Schreinemachers-ErwinBoom-480x267.jpg 480w\" sizes=\"(min-width: 0px) and (max-width: 480px) 480px, (min-width: 481px) and (max-width: 980px) 980px, (min-width: 981px) 1024px, 100vw\" \/><\/p>\n<p class=\"p1\">Enfin, nous tenons \u00e0 remercier notre invit\u00e9 sp\u00e9cial, Erwin Boom, \u00e9chevin de la municipalit\u00e9 de Venlo charg\u00e9 des affaires \u00e9conomiques et sociales et de l&rsquo;infrastructure de la connaissance, pour sa visite. Sur cette photo, il s&rsquo;entretient avec Michelle Schreinemachers, la nouvelle directrice commerciale de FloraZON.<span class=\"Apple-converted-space\">\u00a0<\/span><\/p>\n<p class=\"p1\"><b>Social Media Style Studios : pour enregistrer votre propre vid\u00e9o de No\u00ebl dans les m\u00e9dias sociaux <\/b>La plateforme de communication \u00e9tait compos\u00e9e de six studios de style \u00ab\u00a0No\u00ebl\u00a0\u00bb diff\u00e9rents et richement d\u00e9cor\u00e9s, o\u00f9 chaque visiteur pouvait faire enregistrer sa propre vid\u00e9o de m\u00e9dias sociaux dans le studio de son choix. Pour porter un toast \u00e0 la nouvelle ann\u00e9e ou souhaiter de joyeuses f\u00eates, les vid\u00e9os enregistr\u00e9es \u00e9taient envoy\u00e9es par courrier \u00e9lectronique au participant imm\u00e9diatement apr\u00e8s l&rsquo;enregistrement. Une vid\u00e9o personnalis\u00e9e pour les m\u00e9dias sociaux, pr\u00eate \u00e0 \u00eatre post\u00e9e pour No\u00ebl.<\/p>\n<p><img loading=\"lazy\" decoding=\"async\" class=\"alignnone wp-image-329439 size-large\" src=\"https:\/\/florazon.nl\/wp-content\/uploads\/2023\/09\/stijlstudio-1024x566.jpg\" alt=\"\" width=\"1024\" height=\"566\" srcset=\"https:\/\/florazon.nl\/wp-content\/uploads\/2023\/09\/stijlstudio-980x542.jpg 980w, https:\/\/florazon.nl\/wp-content\/uploads\/2023\/09\/stijlstudio-480x265.jpg 480w\" sizes=\"(min-width: 0px) and (max-width: 480px) 480px, (min-width: 481px) and (max-width: 980px) 980px, (min-width: 981px) 1024px, 100vw\" \/><\/p>\n<p class=\"p1\"><i>Deux de nos visiteurs de Flowers Fleurose \u00e0 Zolder (BE) ont profit\u00e9 avec enthousiasme des Social Media Style Studios et ont fait enregistrer leur vid\u00e9o de No\u00ebl pour la poster sur leurs r\u00e9seaux sociaux.<span class=\"Apple-converted-space\">\u00a0<\/span><\/i><\/p>\n<p><img loading=\"lazy\" decoding=\"async\" class=\"wp-image-329443 size-full alignnone\" src=\"https:\/\/florazon.nl\/wp-content\/uploads\/2023\/09\/demikopie.jpg\" alt=\"\" width=\"577\" height=\"854\" srcset=\"https:\/\/florazon.nl\/wp-content\/uploads\/2023\/09\/demikopie.jpg 577w, https:\/\/florazon.nl\/wp-content\/uploads\/2023\/09\/demikopie-480x710.jpg 480w\" sizes=\"(min-width: 0px) and (max-width: 480px) 480px, (min-width: 481px) 577px, 100vw\" \/><\/p>\n<p class=\"p1\">Les deux employ\u00e9s de l&rsquo;entreprise Aandachtstrekkers, bas\u00e9e \u00e0 Venray, qui ont con\u00e7u et g\u00e9r\u00e9 ces studios de m\u00e9dias sociaux, ont pu r\u00e9pondre directement \u00e0 toutes les questions relatives \u00e0 l&rsquo;affichage de messages sociaux.<span class=\"Apple-converted-space\">\u00a0<\/span><\/p>\n<p class=\"p1\">Un grand merci \u00e0 Aandachtstrekkers pour sa contribution !<span class=\"Apple-converted-space\">\u00a0<\/span><\/p>\n<p class=\"p1\"><b>Le Flower Caf\u00e9 a rassembl\u00e9 les gens<\/b>Au centre du hall FloraZON se trouvait le Flower Caf\u00e9. Jeunes et moins jeunes ont discut\u00e9 ensemble, tout en d\u00e9gustant une boisson et de d\u00e9licieux en-cas. Nous esp\u00e9rons que des contacts agr\u00e9ables et int\u00e9ressants ont \u00e9t\u00e9 nou\u00e9s entre les fleuristes, les coll\u00e8gues du secteur, les cultivateurs, les \u00e9tudiants des cours de verdure et les nouveaux venus des \u00e9coles de floriculture. Et peut-\u00eatre que ces contacts d\u00e9boucheront sur de nouvelles collaborations pour votre avenir !<\/p>\n<p><img loading=\"lazy\" decoding=\"async\" class=\"alignnone wp-image-329447 size-large\" src=\"https:\/\/florazon.nl\/wp-content\/uploads\/2023\/09\/bloemenstudio-1024x566.jpg\" alt=\"\" width=\"1024\" height=\"566\" srcset=\"https:\/\/florazon.nl\/wp-content\/uploads\/2023\/09\/bloemenstudio-980x542.jpg 980w, https:\/\/florazon.nl\/wp-content\/uploads\/2023\/09\/bloemenstudio-480x265.jpg 480w\" sizes=\"(min-width: 0px) and (max-width: 480px) 480px, (min-width: 481px) and (max-width: 980px) 980px, (min-width: 981px) 1024px, 100vw\" \/><\/p>\n<p class=\"p1\"><b>L&rsquo;ann\u00e9e prochaine, un autre salon d&rsquo;automne FloraZON est pr\u00e9vu. Nous souhaitons alors \u00e0 nouveau la bienvenue \u00e0 Venlo \u00e0 tous les fleuristes, coll\u00e8gues du secteur et \u00e9tudiants en \u00e9cologie !<\/b><\/p>\n<p><img loading=\"lazy\" decoding=\"async\" class=\"alignnone wp-image-329459 size-full\" src=\"https:\/\/florazon.nl\/wp-content\/uploads\/2023\/09\/BloemstukAnniek.jpg\" alt=\"\" width=\"1000\" height=\"685\" srcset=\"https:\/\/florazon.nl\/wp-content\/uploads\/2023\/09\/BloemstukAnniek.jpg 1000w, https:\/\/florazon.nl\/wp-content\/uploads\/2023\/09\/BloemstukAnniek-980x671.jpg 980w, https:\/\/florazon.nl\/wp-content\/uploads\/2023\/09\/BloemstukAnniek-480x329.jpg 480w\" sizes=\"(min-width: 0px) and (max-width: 480px) 480px, (min-width: 481px) and (max-width: 980px) 980px, (min-width: 981px) 1000px, 100vw\" \/><\/p>\n<p><img loading=\"lazy\" decoding=\"async\" class=\"alignnone wp-image-329463 size-full\" src=\"https:\/\/florazon.nl\/wp-content\/uploads\/2023\/09\/bloemstukken-Anniek.jpg\" alt=\"\" width=\"1000\" height=\"667\" srcset=\"https:\/\/florazon.nl\/wp-content\/uploads\/2023\/09\/bloemstukken-Anniek.jpg 1000w, https:\/\/florazon.nl\/wp-content\/uploads\/2023\/09\/bloemstukken-Anniek-980x654.jpg 980w, https:\/\/florazon.nl\/wp-content\/uploads\/2023\/09\/bloemstukken-Anniek-480x320.jpg 480w\" sizes=\"(min-width: 0px) and (max-width: 480px) 480px, (min-width: 481px) and (max-width: 980px) 980px, (min-width: 981px) 1000px, 100vw\" \/><\/p>\n<p><img loading=\"lazy\" decoding=\"async\" class=\"alignnone wp-image-329467 size-full\" src=\"https:\/\/florazon.nl\/wp-content\/uploads\/2023\/09\/Bloemstuk-Lindsay.jpg\" alt=\"\" width=\"1000\" height=\"704\" srcset=\"https:\/\/florazon.nl\/wp-content\/uploads\/2023\/09\/Bloemstuk-Lindsay.jpg 1000w, https:\/\/florazon.nl\/wp-content\/uploads\/2023\/09\/Bloemstuk-Lindsay-980x690.jpg 980w, https:\/\/florazon.nl\/wp-content\/uploads\/2023\/09\/Bloemstuk-Lindsay-480x338.jpg 480w\" sizes=\"(min-width: 0px) and (max-width: 480px) 480px, (min-width: 481px) and (max-width: 980px) 980px, (min-width: 981px) 1000px, 100vw\" \/><\/p>\n<p><img loading=\"lazy\" decoding=\"async\" class=\"alignnone wp-image-329471 size-full\" src=\"https:\/\/florazon.nl\/wp-content\/uploads\/2023\/09\/bloemstuk.jpg\" alt=\"\" width=\"1000\" height=\"1000\" srcset=\"https:\/\/florazon.nl\/wp-content\/uploads\/2023\/09\/bloemstuk.jpg 1000w, https:\/\/florazon.nl\/wp-content\/uploads\/2023\/09\/bloemstuk-980x980.jpg 980w, https:\/\/florazon.nl\/wp-content\/uploads\/2023\/09\/bloemstuk-480x480.jpg 480w\" sizes=\"(min-width: 0px) and (max-width: 480px) 480px, (min-width: 481px) and (max-width: 980px) 980px, (min-width: 981px) 1000px, 100vw\" \/><\/p>\n<p>[\/et_pb_text][\/et_pb_column][\/et_pb_row][\/et_pb_section]<\/p>\n","protected":false},"excerpt":{"rendered":"<p>Succ\u00e8s de l&rsquo;\u00e9v\u00e9nement d&rsquo;automne FloraZON : MEET YOUR FUTURE Les dimanche 24 et lundi 25 septembre derniers, un grand nombre de fleuristes et de pairs du secteur venus des Pays-Bas, de Belgique, d&rsquo;Allemagne et d&rsquo;ailleurs ont particip\u00e9 \u00e0 l&rsquo;\u00e9v\u00e9nement annuel d&rsquo;automne de FloraZON \u00e0 Venlo. Lors de cet \u00e9v\u00e9nement MEET YOUR FUTURE, FloraZON a emmen\u00e9 [&hellip;]<\/p>\n","protected":false},"author":1,"featured_media":329480,"comment_status":"open","ping_status":"open","sticky":false,"template":"","format":"standard","meta":{"_et_pb_use_builder":"on","_et_pb_old_content":"","_et_gb_content_width":"","footnotes":""},"categories":[39],"tags":[],"dipi_cpt_category":[],"acf":[],"yoast_head":"<!-- This site is optimized with the Yoast SEO plugin v23.5 - https:\/\/yoast.com\/wordpress\/plugins\/seo\/ -->\n<title>Un regard sur l&#039;avenir - Florazon<\/title>\n<meta name=\"robots\" content=\"index, follow, max-snippet:-1, max-image-preview:large, max-video-preview:-1\" \/>\n<link rel=\"canonical\" href=\"https:\/\/florazon.nl\/fr\/un-regard-sur-lavenir\/\" \/>\n<meta property=\"og:locale\" content=\"fr_FR\" \/>\n<meta property=\"og:type\" content=\"article\" \/>\n<meta property=\"og:title\" content=\"Un regard sur l&#039;avenir - Florazon\" \/>\n<meta property=\"og:description\" content=\"Succ\u00e8s de l&#039;\u00e9v\u00e9nement d&#039;automne FloraZON : MEET YOUR FUTURE Les dimanche 24 et lundi 25 septembre derniers, un grand nombre de fleuristes et de pairs du secteur venus des Pays-Bas, de Belgique, d&#039;Allemagne et d&#039;ailleurs ont particip\u00e9 \u00e0 l&#039;\u00e9v\u00e9nement annuel d&#039;automne de FloraZON \u00e0 Venlo. Lors de cet \u00e9v\u00e9nement MEET YOUR FUTURE, FloraZON a emmen\u00e9 [&hellip;]\" \/>\n<meta property=\"og:site_name\" content=\"Florazon\" \/>\n<meta property=\"article:publisher\" content=\"https:\/\/www.facebook.com\/FloraZON\" \/>\n<meta property=\"article:published_time\" content=\"2023-09-29T13:07:40+00:00\" \/>\n<meta property=\"article:modified_time\" content=\"2023-09-29T13:58:51+00:00\" \/>\n<meta property=\"og:image\" content=\"https:\/\/florazon.nl\/wp-content\/uploads\/2023\/09\/create-inthespotlight-2.jpg\" \/>\n\t<meta property=\"og:image:width\" content=\"969\" \/>\n\t<meta property=\"og:image:height\" content=\"969\" \/>\n\t<meta property=\"og:image:type\" content=\"image\/jpeg\" \/>\n<meta name=\"author\" content=\"admin\" \/>\n<meta name=\"twitter:card\" content=\"summary_large_image\" \/>\n<meta name=\"twitter:label1\" content=\"\u00c9crit par\" \/>\n\t<meta name=\"twitter:data1\" content=\"admin\" \/>\n\t<meta name=\"twitter:label2\" content=\"Dur\u00e9e de lecture estim\u00e9e\" \/>\n\t<meta name=\"twitter:data2\" content=\"3 minutes\" \/>\n<script type=\"application\/ld+json\" class=\"yoast-schema-graph\">{\"@context\":\"https:\/\/schema.org\",\"@graph\":[{\"@type\":\"Article\",\"@id\":\"https:\/\/florazon.nl\/fr\/un-regard-sur-lavenir\/#article\",\"isPartOf\":{\"@id\":\"https:\/\/florazon.nl\/fr\/un-regard-sur-lavenir\/\"},\"author\":{\"name\":\"admin\",\"@id\":\"https:\/\/florazon.nl\/#\/schema\/person\/c2ebaf8aa05001cf1ad9e799f33e47c9\"},\"headline\":\"Un regard sur l&rsquo;avenir\",\"datePublished\":\"2023-09-29T13:07:40+00:00\",\"dateModified\":\"2023-09-29T13:58:51+00:00\",\"mainEntityOfPage\":{\"@id\":\"https:\/\/florazon.nl\/fr\/un-regard-sur-lavenir\/\"},\"wordCount\":693,\"commentCount\":0,\"publisher\":{\"@id\":\"https:\/\/florazon.nl\/#organization\"},\"image\":{\"@id\":\"https:\/\/florazon.nl\/fr\/un-regard-sur-lavenir\/#primaryimage\"},\"thumbnailUrl\":\"https:\/\/florazon.nl\/wp-content\/uploads\/2023\/09\/create-inthespotlight-2.jpg\",\"articleSection\":[\"Actualit\u00e9s\"],\"inLanguage\":\"fr-FR\",\"potentialAction\":[{\"@type\":\"CommentAction\",\"name\":\"Comment\",\"target\":[\"https:\/\/florazon.nl\/fr\/un-regard-sur-lavenir\/#respond\"]}]},{\"@type\":\"WebPage\",\"@id\":\"https:\/\/florazon.nl\/fr\/un-regard-sur-lavenir\/\",\"url\":\"https:\/\/florazon.nl\/fr\/un-regard-sur-lavenir\/\",\"name\":\"Un regard sur l'avenir - Florazon\",\"isPartOf\":{\"@id\":\"https:\/\/florazon.nl\/#website\"},\"primaryImageOfPage\":{\"@id\":\"https:\/\/florazon.nl\/fr\/un-regard-sur-lavenir\/#primaryimage\"},\"image\":{\"@id\":\"https:\/\/florazon.nl\/fr\/un-regard-sur-lavenir\/#primaryimage\"},\"thumbnailUrl\":\"https:\/\/florazon.nl\/wp-content\/uploads\/2023\/09\/create-inthespotlight-2.jpg\",\"datePublished\":\"2023-09-29T13:07:40+00:00\",\"dateModified\":\"2023-09-29T13:58:51+00:00\",\"breadcrumb\":{\"@id\":\"https:\/\/florazon.nl\/fr\/un-regard-sur-lavenir\/#breadcrumb\"},\"inLanguage\":\"fr-FR\",\"potentialAction\":[{\"@type\":\"ReadAction\",\"target\":[\"https:\/\/florazon.nl\/fr\/un-regard-sur-lavenir\/\"]}]},{\"@type\":\"ImageObject\",\"inLanguage\":\"fr-FR\",\"@id\":\"https:\/\/florazon.nl\/fr\/un-regard-sur-lavenir\/#primaryimage\",\"url\":\"https:\/\/florazon.nl\/wp-content\/uploads\/2023\/09\/create-inthespotlight-2.jpg\",\"contentUrl\":\"https:\/\/florazon.nl\/wp-content\/uploads\/2023\/09\/create-inthespotlight-2.jpg\",\"width\":969,\"height\":969},{\"@type\":\"BreadcrumbList\",\"@id\":\"https:\/\/florazon.nl\/fr\/un-regard-sur-lavenir\/#breadcrumb\",\"itemListElement\":[{\"@type\":\"ListItem\",\"position\":1,\"name\":\"Home\",\"item\":\"https:\/\/florazon.nl\/fr\/\"},{\"@type\":\"ListItem\",\"position\":2,\"name\":\"Un regard sur l&#8217;avenir\"}]},{\"@type\":\"WebSite\",\"@id\":\"https:\/\/florazon.nl\/#website\",\"url\":\"https:\/\/florazon.nl\/\",\"name\":\"Florazon\",\"description\":\"Een compleet inkoopcentrum voor bloemisten\",\"publisher\":{\"@id\":\"https:\/\/florazon.nl\/#organization\"},\"potentialAction\":[{\"@type\":\"SearchAction\",\"target\":{\"@type\":\"EntryPoint\",\"urlTemplate\":\"https:\/\/florazon.nl\/?s={search_term_string}\"},\"query-input\":{\"@type\":\"PropertyValueSpecification\",\"valueRequired\":true,\"valueName\":\"search_term_string\"}}],\"inLanguage\":\"fr-FR\"},{\"@type\":\"Organization\",\"@id\":\"https:\/\/florazon.nl\/#organization\",\"name\":\"Florazon\",\"url\":\"https:\/\/florazon.nl\/\",\"logo\":{\"@type\":\"ImageObject\",\"inLanguage\":\"fr-FR\",\"@id\":\"https:\/\/florazon.nl\/#\/schema\/logo\/image\/\",\"url\":\"https:\/\/florazon.nl\/wp-content\/uploads\/2023\/07\/Logo-Florazon-18-2-05-eps.svg\",\"contentUrl\":\"https:\/\/florazon.nl\/wp-content\/uploads\/2023\/07\/Logo-Florazon-18-2-05-eps.svg\",\"width\":1,\"height\":1,\"caption\":\"Florazon\"},\"image\":{\"@id\":\"https:\/\/florazon.nl\/#\/schema\/logo\/image\/\"},\"sameAs\":[\"https:\/\/www.facebook.com\/FloraZON\"]},{\"@type\":\"Person\",\"@id\":\"https:\/\/florazon.nl\/#\/schema\/person\/c2ebaf8aa05001cf1ad9e799f33e47c9\",\"name\":\"admin\",\"image\":{\"@type\":\"ImageObject\",\"inLanguage\":\"fr-FR\",\"@id\":\"https:\/\/florazon.nl\/#\/schema\/person\/image\/\",\"url\":\"https:\/\/secure.gravatar.com\/avatar\/13a4edd69ac5a840d6a9d3c2d2161b3c?s=96&d=mm&r=g\",\"contentUrl\":\"https:\/\/secure.gravatar.com\/avatar\/13a4edd69ac5a840d6a9d3c2d2161b3c?s=96&d=mm&r=g\",\"caption\":\"admin\"},\"sameAs\":[\"https:\/\/florazon.nl\"],\"url\":\"https:\/\/florazon.nl\/fr\/author\/admin\/\"}]}<\/script>\n<!-- \/ Yoast SEO plugin. -->","yoast_head_json":{"title":"Un regard sur l'avenir - Florazon","robots":{"index":"index","follow":"follow","max-snippet":"max-snippet:-1","max-image-preview":"max-image-preview:large","max-video-preview":"max-video-preview:-1"},"canonical":"https:\/\/florazon.nl\/fr\/un-regard-sur-lavenir\/","og_locale":"fr_FR","og_type":"article","og_title":"Un regard sur l'avenir - Florazon","og_description":"Succ\u00e8s de l'\u00e9v\u00e9nement d'automne FloraZON : MEET YOUR FUTURE Les dimanche 24 et lundi 25 septembre derniers, un grand nombre de fleuristes et de pairs du secteur venus des Pays-Bas, de Belgique, d'Allemagne et d'ailleurs ont particip\u00e9 \u00e0 l'\u00e9v\u00e9nement annuel d'automne de FloraZON \u00e0 Venlo. Lors de cet \u00e9v\u00e9nement MEET YOUR FUTURE, FloraZON a emmen\u00e9 [&hellip;]","og_site_name":"Florazon","article_publisher":"https:\/\/www.facebook.com\/FloraZON","article_published_time":"2023-09-29T13:07:40+00:00","article_modified_time":"2023-09-29T13:58:51+00:00","og_image":[{"width":969,"height":969,"url":"https:\/\/florazon.nl\/wp-content\/uploads\/2023\/09\/create-inthespotlight-2.jpg","type":"image\/jpeg"}],"author":"admin","twitter_card":"summary_large_image","twitter_misc":{"\u00c9crit par":"admin","Dur\u00e9e de lecture estim\u00e9e":"3 minutes"},"schema":{"@context":"https:\/\/schema.org","@graph":[{"@type":"Article","@id":"https:\/\/florazon.nl\/fr\/un-regard-sur-lavenir\/#article","isPartOf":{"@id":"https:\/\/florazon.nl\/fr\/un-regard-sur-lavenir\/"},"author":{"name":"admin","@id":"https:\/\/florazon.nl\/#\/schema\/person\/c2ebaf8aa05001cf1ad9e799f33e47c9"},"headline":"Un regard sur l&rsquo;avenir","datePublished":"2023-09-29T13:07:40+00:00","dateModified":"2023-09-29T13:58:51+00:00","mainEntityOfPage":{"@id":"https:\/\/florazon.nl\/fr\/un-regard-sur-lavenir\/"},"wordCount":693,"commentCount":0,"publisher":{"@id":"https:\/\/florazon.nl\/#organization"},"image":{"@id":"https:\/\/florazon.nl\/fr\/un-regard-sur-lavenir\/#primaryimage"},"thumbnailUrl":"https:\/\/florazon.nl\/wp-content\/uploads\/2023\/09\/create-inthespotlight-2.jpg","articleSection":["Actualit\u00e9s"],"inLanguage":"fr-FR","potentialAction":[{"@type":"CommentAction","name":"Comment","target":["https:\/\/florazon.nl\/fr\/un-regard-sur-lavenir\/#respond"]}]},{"@type":"WebPage","@id":"https:\/\/florazon.nl\/fr\/un-regard-sur-lavenir\/","url":"https:\/\/florazon.nl\/fr\/un-regard-sur-lavenir\/","name":"Un regard sur l'avenir - Florazon","isPartOf":{"@id":"https:\/\/florazon.nl\/#website"},"primaryImageOfPage":{"@id":"https:\/\/florazon.nl\/fr\/un-regard-sur-lavenir\/#primaryimage"},"image":{"@id":"https:\/\/florazon.nl\/fr\/un-regard-sur-lavenir\/#primaryimage"},"thumbnailUrl":"https:\/\/florazon.nl\/wp-content\/uploads\/2023\/09\/create-inthespotlight-2.jpg","datePublished":"2023-09-29T13:07:40+00:00","dateModified":"2023-09-29T13:58:51+00:00","breadcrumb":{"@id":"https:\/\/florazon.nl\/fr\/un-regard-sur-lavenir\/#breadcrumb"},"inLanguage":"fr-FR","potentialAction":[{"@type":"ReadAction","target":["https:\/\/florazon.nl\/fr\/un-regard-sur-lavenir\/"]}]},{"@type":"ImageObject","inLanguage":"fr-FR","@id":"https:\/\/florazon.nl\/fr\/un-regard-sur-lavenir\/#primaryimage","url":"https:\/\/florazon.nl\/wp-content\/uploads\/2023\/09\/create-inthespotlight-2.jpg","contentUrl":"https:\/\/florazon.nl\/wp-content\/uploads\/2023\/09\/create-inthespotlight-2.jpg","width":969,"height":969},{"@type":"BreadcrumbList","@id":"https:\/\/florazon.nl\/fr\/un-regard-sur-lavenir\/#breadcrumb","itemListElement":[{"@type":"ListItem","position":1,"name":"Home","item":"https:\/\/florazon.nl\/fr\/"},{"@type":"ListItem","position":2,"name":"Un regard sur l&#8217;avenir"}]},{"@type":"WebSite","@id":"https:\/\/florazon.nl\/#website","url":"https:\/\/florazon.nl\/","name":"Florazon","description":"Een compleet inkoopcentrum voor bloemisten","publisher":{"@id":"https:\/\/florazon.nl\/#organization"},"potentialAction":[{"@type":"SearchAction","target":{"@type":"EntryPoint","urlTemplate":"https:\/\/florazon.nl\/?s={search_term_string}"},"query-input":{"@type":"PropertyValueSpecification","valueRequired":true,"valueName":"search_term_string"}}],"inLanguage":"fr-FR"},{"@type":"Organization","@id":"https:\/\/florazon.nl\/#organization","name":"Florazon","url":"https:\/\/florazon.nl\/","logo":{"@type":"ImageObject","inLanguage":"fr-FR","@id":"https:\/\/florazon.nl\/#\/schema\/logo\/image\/","url":"https:\/\/florazon.nl\/wp-content\/uploads\/2023\/07\/Logo-Florazon-18-2-05-eps.svg","contentUrl":"https:\/\/florazon.nl\/wp-content\/uploads\/2023\/07\/Logo-Florazon-18-2-05-eps.svg","width":1,"height":1,"caption":"Florazon"},"image":{"@id":"https:\/\/florazon.nl\/#\/schema\/logo\/image\/"},"sameAs":["https:\/\/www.facebook.com\/FloraZON"]},{"@type":"Person","@id":"https:\/\/florazon.nl\/#\/schema\/person\/c2ebaf8aa05001cf1ad9e799f33e47c9","name":"admin","image":{"@type":"ImageObject","inLanguage":"fr-FR","@id":"https:\/\/florazon.nl\/#\/schema\/person\/image\/","url":"https:\/\/secure.gravatar.com\/avatar\/13a4edd69ac5a840d6a9d3c2d2161b3c?s=96&d=mm&r=g","contentUrl":"https:\/\/secure.gravatar.com\/avatar\/13a4edd69ac5a840d6a9d3c2d2161b3c?s=96&d=mm&r=g","caption":"admin"},"sameAs":["https:\/\/florazon.nl"],"url":"https:\/\/florazon.nl\/fr\/author\/admin\/"}]}},"_links":{"self":[{"href":"https:\/\/florazon.nl\/fr\/wp-json\/wp\/v2\/posts\/329498"}],"collection":[{"href":"https:\/\/florazon.nl\/fr\/wp-json\/wp\/v2\/posts"}],"about":[{"href":"https:\/\/florazon.nl\/fr\/wp-json\/wp\/v2\/types\/post"}],"author":[{"embeddable":true,"href":"https:\/\/florazon.nl\/fr\/wp-json\/wp\/v2\/users\/1"}],"replies":[{"embeddable":true,"href":"https:\/\/florazon.nl\/fr\/wp-json\/wp\/v2\/comments?post=329498"}],"version-history":[{"count":4,"href":"https:\/\/florazon.nl\/fr\/wp-json\/wp\/v2\/posts\/329498\/revisions"}],"predecessor-version":[{"id":329518,"href":"https:\/\/florazon.nl\/fr\/wp-json\/wp\/v2\/posts\/329498\/revisions\/329518"}],"wp:featuredmedia":[{"embeddable":true,"href":"https:\/\/florazon.nl\/fr\/wp-json\/wp\/v2\/media\/329480"}],"wp:attachment":[{"href":"https:\/\/florazon.nl\/fr\/wp-json\/wp\/v2\/media?parent=329498"}],"wp:term":[{"taxonomy":"category","embeddable":true,"href":"https:\/\/florazon.nl\/fr\/wp-json\/wp\/v2\/categories?post=329498"},{"taxonomy":"post_tag","embeddable":true,"href":"https:\/\/florazon.nl\/fr\/wp-json\/wp\/v2\/tags?post=329498"},{"taxonomy":"dipi_cpt_category","embeddable":true,"href":"https:\/\/florazon.nl\/fr\/wp-json\/wp\/v2\/dipi_cpt_category?post=329498"}],"curies":[{"name":"wp","href":"https:\/\/api.w.org\/{rel}","templated":true}]}}