{"id":6094,"date":"2026-07-03T08:05:38","date_gmt":"2026-07-03T08:05:38","guid":{"rendered":"https:\/\/florazon.nl\/ouverture-reussie-de-jes\/"},"modified":"2026-08-28T10:55:12","modified_gmt":"2026-08-28T10:55:12","slug":"ouverture-reussie-de-jes","status":"publish","type":"post","link":"https:\/\/florazon.nl\/fr\/ouverture-reussie-de-jes\/","title":{"rendered":"Ouverture r\u00e9ussie de JES!"},"content":{"rendered":"<p>[et_pb_section fb_built=\u00a0\u00bb1&Prime; admin_label=\u00a0\u00bbsection\u00a0\u00bb _builder_version=\u00a0\u00bb4.16&Prime; global_colors_info=\u00a0\u00bb{}\u00a0\u00bb][et_pb_row admin_label=\u00a0\u00bbrow\u00a0\u00bb _builder_version=\u00a0\u00bb4.16&Prime; background_size=\u00a0\u00bbinitial\u00a0\u00bb background_position=\u00a0\u00bbtop_left\u00a0\u00bb background_repeat=\u00a0\u00bbrepeat\u00a0\u00bb global_colors_info=\u00a0\u00bb{}\u00a0\u00bb][et_pb_column type=\u00a0\u00bb4_4&Prime; _builder_version=\u00a0\u00bb4.16&Prime; custom_padding=\u00a0\u00bb|||\u00a0\u00bb global_colors_info=\u00a0\u00bb{}\u00a0\u00bb custom_padding__hover=\u00a0\u00bb|||\u00a0\u00bb][et_pb_text admin_label=\u00a0\u00bbText\u00a0\u00bb _builder_version=\u00a0\u00bb4.27.7&Prime; background_size=\u00a0\u00bbinitial\u00a0\u00bb background_position=\u00a0\u00bbtop_left\u00a0\u00bb background_repeat=\u00a0\u00bbrepeat\u00a0\u00bb global_colors_info=\u00a0\u00bb{}\u00a0\u00bb]<\/p>\n<h2>Le succ\u00e8s de l&rsquo;inauguration de JES! donne un nouvel \u00e9lan \u00e0 Florazon \u00e0 Venlo<\/h2>\n<p><\/p>\n<p class=\"p2\"><strong>Le lancement r\u00e9ussi de JES ! a insuffl\u00e9 un vent de fra\u00eecheur et d\u2019optimisme au sein de Florazon. Depuis son lancement en d\u00e9but d\u2019ann\u00e9e, l\u2019int\u00e9r\u00eat est grand : les fournisseurs s\u2019inscrivent \u00e0 un rythme soutenu, les surfaces disponibles se remplissent plus vite que pr\u00e9vu et les clients r\u00e9agissent avec enthousiasme.<\/strong><\/p>\n<p><\/p>\n<p class=\"p2\">Florazon constitue un ensemble unique regroupant des grossistes et des espaces de restauration destin\u00e9s aux fleuristes, aux jardineries et aux paysagistes. Outre FleuraMetz, Gebr. Dings, Ebus Planten, Garden Plant et Flora Bites, l\u2019arriv\u00e9e de JES! cr\u00e9e un grand site central o\u00f9 se m\u00ealent achats, inspiration, rencontres et hospitalit\u00e9.<\/p>\n<p><\/p>\n<p class=\"p2\"><strong><span class=\"s3\">JES! lance un nouveau concept qui r\u00e9pond aux besoins actuels<br \/><\/span><\/strong>simplicit\u00e9, rapidit\u00e9, exp\u00e9rience et commodit\u00e9. Les clients souhaitent non seulement s\u2019approvisionner efficacement, mais aussi \u00eatre surpris et d\u00e9charg\u00e9s de tout souci. Ils trouvent tout ce dont ils ont besoin en un seul endroit. JES! s\u2019inscrit parfaitement dans cette d\u00e9marche.<\/p>\n<p><\/p>\n<p class=\"p2\"><strong>La croissance de JES ! est d\u00e9sormais clairement visible.<br \/><\/strong>En peu de temps, de nombreux nouveaux fournisseurs se sont inscrits et les surfaces disponibles se remplissent rapidement. Les derni\u00e8res places sont d\u00e9sormais s\u00e9lectionn\u00e9es avec soin. JES! mise d\u00e9lib\u00e9r\u00e9ment sur la qualit\u00e9 et sur des partenaires qui correspondent \u00e0 son image et \u00e0 sa vision. C\u2019est pr\u00e9cis\u00e9ment en restant exigeant sur le contenu que l\u2019on cr\u00e9e un concept fort, distinctif et p\u00e9renne. Michelle Schreinemachers revient sur une inauguration qui a d\u00e9pass\u00e9 toutes les attentes : \u00ab\u00a0D\u00e8s le premier jour, nous avons senti qu\u2019il se passait quelque chose de nouveau ici. Il y a de l\u2019enthousiasme, des \u00e9changes enrichissants et surtout beaucoup de confiance de la part des fournisseurs et des clients.\u00a0\u00bb<\/p>\n<p><\/p>\n<p><img loading=\"lazy\" decoding=\"async\" class=\"wp-image-5545  alignleft\" src=\"https:\/\/florazon.nl\/wp-content\/uploads\/2026\/07\/jes.png\" alt=\"\" width=\"362\" height=\"555\" \/><\/p>\n<p><\/p>\n<p><strong>Le nom JES! raconte l&rsquo;histoire qui se cache derri\u00e8re le concept.<br \/><\/strong>Ce nom est n\u00e9 de la collaboration entre trois initiateurs:<\/p>\n<p><\/p>\n<p>\u25a0 le J de Richard Jeucken, directeur de Garden Plant<br \/>\u25a0 le E de Funs Ebus, directeur d&rsquo;Ebus Planten<br \/>\u25a0 le S de Michelle Schreinemachers, directrice g\u00e9n\u00e9rale de Florazon.<\/p>\n<p><\/p>\n<p class=\"p2\">Parall\u00e8lement, JES ! incarne le sentiment que suscite le concept: dire \u00ab\u00a0oui\u00a0\u00bb sans r\u00e9serve \u00e0 l\u2019innovation, \u00e0 la collaboration et aux opportunit\u00e9s. l\u2019introduction de<\/p>\n<p><\/p>\n<p><img loading=\"lazy\" decoding=\"async\" class=\"wp-image-4920 alignnone size-medium\" src=\"https:\/\/florazon.nl\/wp-content\/uploads\/2024\/07\/Logo-300x180.jpeg\" alt=\"\" width=\"300\" height=\"180\" \/><\/p>\n<p><\/p>\n<p class=\"p2\"><strong>Le lancement de JES ! ouvre de nouvelles perspectives pour Florazon<\/strong><br \/>Cela cr\u00e9e un espace pour de nouveaux fournisseurs, des id\u00e9es novatrices et une nouvelle fa\u00e7on de travailler. Alors qu\u2019auparavant, les achats \u00e9taient avant tout une question pratique, l\u2019accent est d\u00e9sormais de plus en plus mis sur l\u2019exp\u00e9rience, la facilit\u00e9 et l\u2019accompagnement. Pour le second semestre 2026, l\u2019ambition est claire : ramener la simplicit\u00e9 sur le march\u00e9. Les achats doivent redevenir un plaisir et gagner en clart\u00e9. Florazon souhaite accompagner ses clients sur tous les fronts, de la pr\u00e9sentation et l\u2019inspiration au service, en passant par le conseil et la facilit\u00e9. Michelle Schreinemachers : \u00ab\u00a0Le second semestre 2026 sera plac\u00e9 sous le signe d\u2019une poursuite de la croissance, mais surtout d\u2019un approfondissement. Nous voulons revenir \u00e0 l\u2019essentiel : des achats simples, des choix clairs et une v\u00e9ritable attention port\u00e9e au client, \u00e0 un prix \u00e9quitable dont notre client pourra finalement tirer profit. C\u2019est le nouveau mouvement que nous avons lanc\u00e9 au sein de Florazon.\u00a0\u00bb<\/p>\n<p><\/p>\n<p class=\"p2\">Avec JES !, Florazon d\u00e9montre que l\u2019innovation, la collaboration et l\u2019esprit d\u2019entreprise vont de pair. Cette ouverture couronn\u00e9e de succ\u00e8s marque ainsi non seulement le lancement d\u2019un nouveau concept, mais aussi celui d\u2019un nouvel avenir prometteur pour Florazon.<\/p>\n<p><\/p>\n<p>Pour plus d\u2019informations et de photos, veuillez contacter :<br \/>Michelle Schreinemachers<br \/>Directrice g\u00e9n\u00e9rale de Florazon<br \/>E-mail : michelle@florazon.nl<br \/>T\u00e9l. : +31(0)77 3031010<\/p>\n<p><\/p>\n<p>&nbsp;<\/p>\n<p><\/p>\n<p>&nbsp;<\/p>\n<p><\/p>\n<p>&nbsp;<\/p>\n<p>[\/et_pb_text][\/et_pb_column][\/et_pb_row][\/et_pb_section]<\/p>\n","protected":false},"excerpt":{"rendered":"<p>Le succ\u00e8s de l&rsquo;inauguration de JES! donne un nouvel \u00e9lan \u00e0 Florazon \u00e0 VenloLe lancement r\u00e9ussi de JES ! a insuffl\u00e9 un vent de fra\u00eecheur et d\u2019optimisme au sein de Florazon. Depuis son lancement en d\u00e9but d\u2019ann\u00e9e, l\u2019int\u00e9r\u00eat est grand : les fournisseurs s\u2019inscrivent \u00e0 un rythme soutenu, les surfaces disponibles se remplissent plus vite [&hellip;]<\/p>\n","protected":false},"author":1,"featured_media":6093,"comment_status":"open","ping_status":"open","sticky":false,"template":"","format":"standard","meta":{"_et_pb_use_builder":"on","_et_pb_old_content":"","_et_gb_content_width":"","footnotes":""},"categories":[71],"tags":[],"dipi_cpt_category":[],"class_list":["post-6094","post","type-post","status-publish","format-standard","has-post-thumbnail","hentry","category-dernieres-actualites"],"_links":{"self":[{"href":"https:\/\/florazon.nl\/fr\/wp-json\/wp\/v2\/posts\/6094","targetHints":{"allow":["GET"]}}],"collection":[{"href":"https:\/\/florazon.nl\/fr\/wp-json\/wp\/v2\/posts"}],"about":[{"href":"https:\/\/florazon.nl\/fr\/wp-json\/wp\/v2\/types\/post"}],"author":[{"embeddable":true,"href":"https:\/\/florazon.nl\/fr\/wp-json\/wp\/v2\/users\/1"}],"replies":[{"embeddable":true,"href":"https:\/\/florazon.nl\/fr\/wp-json\/wp\/v2\/comments?post=6094"}],"version-history":[{"count":2,"href":"https:\/\/florazon.nl\/fr\/wp-json\/wp\/v2\/posts\/6094\/revisions"}],"predecessor-version":[{"id":6096,"href":"https:\/\/florazon.nl\/fr\/wp-json\/wp\/v2\/posts\/6094\/revisions\/6096"}],"wp:featuredmedia":[{"embeddable":true,"href":"https:\/\/florazon.nl\/fr\/wp-json\/wp\/v2\/media\/6093"}],"wp:attachment":[{"href":"https:\/\/florazon.nl\/fr\/wp-json\/wp\/v2\/media?parent=6094"}],"wp:term":[{"taxonomy":"category","embeddable":true,"href":"https:\/\/florazon.nl\/fr\/wp-json\/wp\/v2\/categories?post=6094"},{"taxonomy":"post_tag","embeddable":true,"href":"https:\/\/florazon.nl\/fr\/wp-json\/wp\/v2\/tags?post=6094"},{"taxonomy":"dipi_cpt_category","embeddable":true,"href":"https:\/\/florazon.nl\/fr\/wp-json\/wp\/v2\/dipi_cpt_category?post=6094"}],"curies":[{"name":"wp","href":"https:\/\/api.w.org\/{rel}","templated":true}]}}