{"id":6101,"date":"2025-05-23T10:41:49","date_gmt":"2025-05-23T10:41:49","guid":{"rendered":"https:\/\/florazon.nl\/flower-fashionshow\/"},"modified":"2026-08-28T11:18:53","modified_gmt":"2026-08-28T11:18:53","slug":"flower-fashionshow","status":"publish","type":"post","link":"https:\/\/florazon.nl\/fr\/flower-fashionshow\/","title":{"rendered":"Flower Fashionshow"},"content":{"rendered":"<p>[et_pb_section fb_built=\u00a0\u00bb1&Prime; admin_label=\u00a0\u00bbsection\u00a0\u00bb _builder_version=\u00a0\u00bb4.16&Prime; global_colors_info=\u00a0\u00bb{}\u00a0\u00bb][et_pb_row admin_label=\u00a0\u00bbrow\u00a0\u00bb _builder_version=\u00a0\u00bb4.16&Prime; background_size=\u00a0\u00bbinitial\u00a0\u00bb background_position=\u00a0\u00bbtop_left\u00a0\u00bb background_repeat=\u00a0\u00bbrepeat\u00a0\u00bb global_colors_info=\u00a0\u00bb{}\u00a0\u00bb][et_pb_column type=\u00a0\u00bb4_4&Prime; _builder_version=\u00a0\u00bb4.16&Prime; custom_padding=\u00a0\u00bb|||\u00a0\u00bb global_colors_info=\u00a0\u00bb{}\u00a0\u00bb custom_padding__hover=\u00a0\u00bb|||\u00a0\u00bb][et_pb_text admin_label=\u00a0\u00bbText\u00a0\u00bb _builder_version=\u00a0\u00bb4.27.7&Prime; background_size=\u00a0\u00bbinitial\u00a0\u00bb background_position=\u00a0\u00bbtop_left\u00a0\u00bb background_repeat=\u00a0\u00bbrepeat\u00a0\u00bb global_colors_info=\u00a0\u00bb{}\u00a0\u00bb]<\/p>\n<h2><strong>Florazon f\u00eate ses 20 ans<\/strong><\/h2>\n<p><\/p>\n<p>Notre \u00e9v\u00e9nement \u00ab Flower &amp; Fashion \u00bb d\u00e9butera le vendredi 23 mai 2025 \u00e0 15 h.<\/p>\n<p><\/p>\n<p>Programme :<br \/>D\u00e9fil\u00e9 de mode floral 1 \u2013 15 h 30 \u2013 16 h (boisson et surprise)<\/p>\n<p><\/p>\n<p>D\u00e9fil\u00e9 de mode floral n\u00b0 2 \u2013 16 h 30 \u2013 17 h (amuse-bouches et exp\u00e9rience florale)<\/p>\n<p><\/p>\n<p>D\u00e9fil\u00e9 de mode floral n\u00b0 3 \u2013 17 h 30 \u2013 18 h (cl\u00f4ture avec une surprise haute en couleur)<\/p>\n<p><\/p>\n<p>Pendant la pause et apr\u00e8s : ap\u00e9ritif, amuse-bouches et bien plus encore\u2026<\/p>\n<p>[\/et_pb_text][\/et_pb_column][\/et_pb_row][\/et_pb_section]<\/p>\n","protected":false},"excerpt":{"rendered":"<p>Florazon f\u00eate ses 20 ansNotre \u00e9v\u00e9nement \u00ab Flower &amp; Fashion \u00bb d\u00e9butera le vendredi 23 mai 2025 \u00e0 15 h.Programme :D\u00e9fil\u00e9 de mode floral 1 \u2013 15 h 30 \u2013 16 h (boisson et surprise)D\u00e9fil\u00e9 de mode floral n\u00b0 2 \u2013 16 h 30 \u2013 17 h (amuse-bouches et exp\u00e9rience florale)D\u00e9fil\u00e9 de mode floral n\u00b0 [&hellip;]<\/p>\n","protected":false},"author":1,"featured_media":6100,"comment_status":"open","ping_status":"open","sticky":false,"template":"","format":"standard","meta":{"_et_pb_use_builder":"on","_et_pb_old_content":"","_et_gb_content_width":"","footnotes":""},"categories":[72],"tags":[],"dipi_cpt_category":[],"class_list":["post-6101","post","type-post","status-publish","format-standard","has-post-thumbnail","hentry","category-evenements"],"_links":{"self":[{"href":"https:\/\/florazon.nl\/fr\/wp-json\/wp\/v2\/posts\/6101","targetHints":{"allow":["GET"]}}],"collection":[{"href":"https:\/\/florazon.nl\/fr\/wp-json\/wp\/v2\/posts"}],"about":[{"href":"https:\/\/florazon.nl\/fr\/wp-json\/wp\/v2\/types\/post"}],"author":[{"embeddable":true,"href":"https:\/\/florazon.nl\/fr\/wp-json\/wp\/v2\/users\/1"}],"replies":[{"embeddable":true,"href":"https:\/\/florazon.nl\/fr\/wp-json\/wp\/v2\/comments?post=6101"}],"version-history":[{"count":2,"href":"https:\/\/florazon.nl\/fr\/wp-json\/wp\/v2\/posts\/6101\/revisions"}],"predecessor-version":[{"id":6103,"href":"https:\/\/florazon.nl\/fr\/wp-json\/wp\/v2\/posts\/6101\/revisions\/6103"}],"wp:featuredmedia":[{"embeddable":true,"href":"https:\/\/florazon.nl\/fr\/wp-json\/wp\/v2\/media\/6100"}],"wp:attachment":[{"href":"https:\/\/florazon.nl\/fr\/wp-json\/wp\/v2\/media?parent=6101"}],"wp:term":[{"taxonomy":"category","embeddable":true,"href":"https:\/\/florazon.nl\/fr\/wp-json\/wp\/v2\/categories?post=6101"},{"taxonomy":"post_tag","embeddable":true,"href":"https:\/\/florazon.nl\/fr\/wp-json\/wp\/v2\/tags?post=6101"},{"taxonomy":"dipi_cpt_category","embeddable":true,"href":"https:\/\/florazon.nl\/fr\/wp-json\/wp\/v2\/dipi_cpt_category?post=6101"}],"curies":[{"name":"wp","href":"https:\/\/api.w.org\/{rel}","templated":true}]}}